{"id":1886,"date":"2017-07-11T10:48:37","date_gmt":"2017-07-11T08:48:37","guid":{"rendered":"http:\/\/cuidsalud.com\/?p=1886\/"},"modified":"2017-07-12T10:07:31","modified_gmt":"2017-07-12T08:07:31","slug":"phd-thesis-determinants-of-anxiety-in-relatives-caregivers-of-elderly-dependents","status":"publish","type":"post","link":"https:\/\/cuidsalud.com\/en\/phd-thesis-determinants-of-anxiety-in-relatives-caregivers-of-elderly-dependents\/","title":{"rendered":"PhD thesis: Determinants of anxiety in relatives caregivers of elderly dependents"},"content":{"rendered":"<figure id=\"attachment_1885\" aria-describedby=\"caption-attachment-1885\" style=\"width: 278px\" class=\"wp-caption alignright\"><img fetchpriority=\"high\" decoding=\"async\" class=\"wp-image-1885 size-medium\" src=\"https:\/\/cuidsalud.com\/wp-content\/uploads\/2017\/06\/IMG_20170630_055423-1-288x300.jpg\" alt=\"\" width=\"288\" height=\"300\" srcset=\"https:\/\/cuidsalud.com\/wp-content\/uploads\/2017\/06\/IMG_20170630_055423-1-288x300.jpg 288w, https:\/\/cuidsalud.com\/wp-content\/uploads\/2017\/06\/IMG_20170630_055423-1-768x799.jpg 768w, https:\/\/cuidsalud.com\/wp-content\/uploads\/2017\/06\/IMG_20170630_055423-1-984x1024.jpg 984w, https:\/\/cuidsalud.com\/wp-content\/uploads\/2017\/06\/IMG_20170630_055423-1.jpg 1153w\" sizes=\"(max-width: 288px) 100vw, 288px\" \/><figcaption id=\"caption-attachment-1885\" class=\"wp-caption-text\"><span style=\"font-family: arial, helvetica, sans-serif; font-size: 10pt;\">PhD student, thesis director and court.<\/span><\/figcaption><\/figure>\n<p><span style=\"font-family: arial, helvetica, sans-serif;\">Mrs. Margarita P\u00e9rez Cruz, defended last June 29 her PhD thesis, entitled &#8220;Determinants of anxiety in relatives caregivers of elderly dependents&#8221;. This PhD thesis was directed by Rafael del Pino Casado. And it is a contribution to the line of research <a href=\"https:\/\/cuidsalud.com\/en\/inv\/family-and-informal-care-and-caregivers-thesis\/\">Family and informal care and caregivers<\/a>.<\/span><\/p>\n<p><span style=\"font-family: arial, helvetica, sans-serif;\">The aim of this work is to investigate the relationships between anxiety and stress, coping and subjective overload and to contribute to the definition of factors related to anxiety among family caregivers of dependent elderly people. This research was considered, since, despite the studies analyzing factors related to anxiety in caregivers, there is insufficient evidence on this topic. Therefore, a descriptive cross &#8211; sectional study was designed, in which data were collected from 270 family caregivers, and analyzed using descriptive statistics, correlation coefficients and trajectory analysis.<\/span><\/p>\n<p>&nbsp;<\/p>\n<figure id=\"attachment_1908\" aria-describedby=\"caption-attachment-1908\" style=\"width: 215px\" class=\"wp-caption alignleft\"><img decoding=\"async\" class=\"wp-image-1908 size-medium\" src=\"https:\/\/cuidsalud.com\/wp-content\/uploads\/2017\/07\/IMG-20170629-WA0010-225x300.jpg\" alt=\"\" width=\"225\" height=\"300\" srcset=\"https:\/\/cuidsalud.com\/wp-content\/uploads\/2017\/07\/IMG-20170629-WA0010-225x300.jpg 225w, https:\/\/cuidsalud.com\/wp-content\/uploads\/2017\/07\/IMG-20170629-WA0010-768x1024.jpg 768w, https:\/\/cuidsalud.com\/wp-content\/uploads\/2017\/07\/IMG-20170629-WA0010.jpg 972w\" sizes=\"(max-width: 225px) 100vw, 225px\" \/><figcaption id=\"caption-attachment-1908\" class=\"wp-caption-text\">PhD student and her director<\/figcaption><\/figure>\n<p><span style=\"font-family: arial, helvetica, sans-serif;\">Thus, this study has been able to show that the objective burden, dysfunctional coping and subjective overload were related to anxiety. Subjective overload mediates the relationship between dysfunctional coping and anxiety. And the effect of dysfunctional coping on anxiety was independent of the objective load.<\/span><\/p>\n<p>The full text can be seen in the repository soon. And the articles that have left this thesis are:<\/p>\n<p>&nbsp;<\/p>\n<p>Del Pino-Casado R, P\u00e9rez-Cruz M, Fr\u00edas-Osuna A. Coping, subjetive burden and anxiety among family caregivers of olders dependents. Journal of Clinical Nursing. 2014. 23: 3335-3344.<\/p>\n<p><a href=\"http:\/\/onlinelibrary.wiley.com\/doi\/10.1111\/jocn.12561\/abstract\" target=\"_blank\" rel=\"noopener\"><span id=\"header-section-doi\" class=\"article-header__meta-info-label\">DOI: <\/span><span class=\"article-header__meta-info-data\">10.1111\/jocn.12561<\/span><\/a><\/p>\n<p>P\u00e9rez-Cruz M, Mu\u00f1oz-Mart\u00ednez MA, Parra-Anguita L, Del Pino-Casado R. Coping and subjective burden in primary caregivers of dependent elderly relatives in Andalusia, Spain. Atenci\u00f3n Primaria. 2017.\u00a0<a href=\"https:\/\/doi.org\/10.1016\/j.aprim.2016.09.012\">https:\/\/doi.org\/10.1016\/j.aprim.2016.09.012<\/a><\/p>\n<p><span style=\"border-radius: 2px; text-indent: 20px; width: auto; padding: 0px 4px 0px 0px; text-align: center; font: bold 11px\/20px 'Helvetica Neue',Helvetica,sans-serif; color: #ffffff; background: #bd081c  no-repeat scroll 3px 50% \/ 14px 14px; position: absolute; opacity: 1; z-index: 8675309; display: none; cursor: pointer; top: 28px; left: 232px;\">Guardar<\/span><\/p>\n","protected":false},"excerpt":{"rendered":"<p>Mrs. Margarita P\u00e9rez Cruz, defended last June 29 her PhD thesis, entitled &#8220;Determinants of anxiety in relatives caregivers of elderly dependents&#8221;. This PhD thesis was directed by Rafael del Pino Casado. And it is a &#8230; <\/p>\n<p class=\"read-more-container\"><a title=\"PhD thesis: Determinants of anxiety in relatives caregivers of elderly dependents\" class=\"read-more button\" href=\"https:\/\/cuidsalud.com\/en\/phd-thesis-determinants-of-anxiety-in-relatives-caregivers-of-elderly-dependents\/#more-1886\" aria-label=\"Read more about PhD thesis: Determinants of anxiety in relatives caregivers of elderly dependents\">Leer m\u00e1s &raquo;<\/a><\/p>\n","protected":false},"author":3,"featured_media":1885,"comment_status":"open","ping_status":"closed","sticky":false,"template":"","format":"standard","meta":{"_acf_changed":false,"footnotes":""},"categories":[166,2],"tags":[167,164,199,191],"class_list":["post-1886","post","type-post","status-publish","format-standard","has-post-thumbnail","hentry","category-cuidadoras-familiares-en","category-news","tag-cuidadoras-familiares-en","tag-cuidadoras-familiares","tag-tesis-doctoral-en","tag-tesis-doctoral"],"acf":[],"_links":{"self":[{"href":"https:\/\/cuidsalud.com\/en\/wp-json\/wp\/v2\/posts\/1886","targetHints":{"allow":["GET"]}}],"collection":[{"href":"https:\/\/cuidsalud.com\/en\/wp-json\/wp\/v2\/posts"}],"about":[{"href":"https:\/\/cuidsalud.com\/en\/wp-json\/wp\/v2\/types\/post"}],"author":[{"embeddable":true,"href":"https:\/\/cuidsalud.com\/en\/wp-json\/wp\/v2\/users\/3"}],"replies":[{"embeddable":true,"href":"https:\/\/cuidsalud.com\/en\/wp-json\/wp\/v2\/comments?post=1886"}],"version-history":[{"count":0,"href":"https:\/\/cuidsalud.com\/en\/wp-json\/wp\/v2\/posts\/1886\/revisions"}],"wp:featuredmedia":[{"embeddable":true,"href":"https:\/\/cuidsalud.com\/en\/wp-json\/wp\/v2\/media\/1885"}],"wp:attachment":[{"href":"https:\/\/cuidsalud.com\/en\/wp-json\/wp\/v2\/media?parent=1886"}],"wp:term":[{"taxonomy":"category","embeddable":true,"href":"https:\/\/cuidsalud.com\/en\/wp-json\/wp\/v2\/categories?post=1886"},{"taxonomy":"post_tag","embeddable":true,"href":"https:\/\/cuidsalud.com\/en\/wp-json\/wp\/v2\/tags?post=1886"}],"curies":[{"name":"wp","href":"https:\/\/api.w.org\/{rel}","templated":true}]}}