{"id":2184,"date":"2017-09-15T19:13:41","date_gmt":"2017-09-15T17:13:41","guid":{"rendered":"http:\/\/cuidsalud.com\/?p=2184\/"},"modified":"2017-09-15T19:13:41","modified_gmt":"2017-09-15T17:13:41","slug":"becoming-caregiver","status":"publish","type":"post","link":"https:\/\/cuidsalud.com\/en\/becoming-caregiver\/","title":{"rendered":"Becoming a caregiver. A PhD thesis"},"content":{"rendered":"<div id=\"gt-c\" class=\"g-section\">\n<div id=\"gt-form-c\">\n<form id=\"gt-form\" action=\"\/\" enctype=\"application\/x-www-form-urlencoded\" method=\"post\" name=\"text_form\">\n<div id=\"gt-text-all\">\n<div id=\"gt-main\">\n<div id=\"gt-text-c\">\n<div id=\"gt-text-top\">\n<div id=\"gt-res-c\" class=\"g-unit\">\n<div id=\"gt-res-p\">\n<div id=\"gt-res-data\">\n<div id=\"gt-res-wrap\">\n<div id=\"gt-res-content\">\n<div id=\"gt-res-dir-ctr\" class=\"trans-verified-button-small\" dir=\"ltr\">\n<div id=\"gt-c\" class=\"g-section\">\n<div id=\"gt-form-c\">\n<div id=\"gt-text-all\">\n<div id=\"gt-main\">\n<div id=\"gt-text-c\">\n<div id=\"gt-text-top\">\n<div id=\"gt-res-c\" class=\"g-unit\">\n<div id=\"gt-res-p\">\n<div id=\"gt-res-data\">\n<div id=\"gt-res-wrap\">\n<div id=\"gt-res-content\">\n<div id=\"gt-res-dir-ctr\" class=\"trans-verified-button-small\" dir=\"ltr\">\n<p><span lang=\"en\" tabindex=\"-1\"><span lang=\"en\" tabindex=\"-1\"><span lang=\"en\" tabindex=\"-1\"><span title=\"El pasado 12 de septiembre, se realiz\u00f3 el acto de defensa de la tesis doctoral &quot;Los primeros momentos del cuidado familiar: el proceso de convertirse en persona cuidadora de un familiar mayor dependiente&quot; que ha realizado la doctoranda Lourdes Moral Fernandez. \">On Septembe<\/span><\/span><\/span><\/span><img decoding=\"async\" class=\" wp-image-2181 alignleft\" src=\"https:\/\/cuidsalud.com\/wp-content\/uploads\/2017\/09\/Tribunal-300x225.jpg\" alt=\"\" width=\"228\" height=\"171\" srcset=\"https:\/\/cuidsalud.com\/wp-content\/uploads\/2017\/09\/Tribunal-300x225.jpg 300w, https:\/\/cuidsalud.com\/wp-content\/uploads\/2017\/09\/Tribunal-768x576.jpg 768w, https:\/\/cuidsalud.com\/wp-content\/uploads\/2017\/09\/Tribunal-1024x768.jpg 1024w, https:\/\/cuidsalud.com\/wp-content\/uploads\/2017\/09\/Tribunal.jpg 1599w\" sizes=\"(max-width: 228px) 100vw, 228px\" \/><span lang=\"en\" tabindex=\"-1\"><span lang=\"en\" tabindex=\"-1\"><span lang=\"en\" tabindex=\"-1\"><span title=\"El pasado 12 de septiembre, se realiz\u00f3 el acto de defensa de la tesis doctoral &quot;Los primeros momentos del cuidado familiar: el proceso de convertirse en persona cuidadora de un familiar mayor dependiente&quot; que ha realizado la doctoranda Lourdes Moral Fernandez. \">r 12th, at the University of Ja\u00e9n took place the PhD viva titled &#8220;<em>The first moments in the caring: The process of becoming caregiver of a dependent elderly relative<\/em>&#8221; carried out by the PhD student, Mrs Lourdes Moral Fernandez, supervised by Dr. Antonio Fr\u00edas.\u00a0 <\/span><\/span><\/span><\/span><span id=\"result_box\" class=\"short_text\" lang=\"en\" tabindex=\"-1\">This is a contribution to the research topic <\/span><a href=\"https:\/\/cuidsalud.com\/en\/inv\/family-and-informal-care-and-caregivers-thesis\/\">Family and informal care and caregivers<\/a>.<\/p>\n<\/div>\n<div class=\"trans-verified-button-small\" dir=\"ltr\"><span id=\"result_box\" lang=\"en\" tabindex=\"-1\"><span title=\"El pasado 12 de septiembre, se realiz\u00f3 el acto de defensa de la tesis doctoral &quot;Los primeros momentos del cuidado familiar: el proceso de convertirse en persona cuidadora de un familiar mayor dependiente&quot; que ha realizado la doctoranda Lourdes Moral Fernandez. \"><br \/>\n<\/span><span title=\"El objetivo de esta tesis es explorar las experiencias iniciales de las personas que de repente se convierten en cuidadoras de familiares mayores dependientes y tratar de describir el proceso por el que pasan.\">The aim of this thesis is to explore the initial experiences of people who suddenly become caregivers of dependent erderly relatives and try to describe the process which they pass. <\/span><span title=\"Para ello, se realiz\u00f3 una investigaci\u00f3n original en la provincia de Ja\u00e9n, a trav\u00e9s de entrevistas en profundidad, y una metas\u00edntesis cualitativa de 16 estudios internacionales.\">So, an original research was carried out in Ja\u00e9n, through in-depth interviews, and a qualitative meta-synthesis of 16 international studies. <\/span><span title=\"Los hallazgos mostraron que el proceso de convertirse en persona cuidadora familiar se desarrolla en tres fases: asumir el papel de persona cuidadora, empezar a darse cuenta e implementaci\u00f3n de estrategias. \">The findings showed that the process of becoming a family caregiver develops in three phases: assuming the role of caregiver, starting to realize and implementing strategies.<\/span><\/span><\/div>\n<div class=\"trans-verified-button-small\" dir=\"ltr\"><span id=\"result_box\" lang=\"en\" tabindex=\"-1\"><span title=\"Los hallazgos mostraron que el proceso de convertirse en persona cuidadora familiar se desarrolla en tres fases: asumir el papel de persona cuidadora, empezar a darse cuenta e implementaci\u00f3n de estrategias. \"><br \/>\n<\/span><span title=\"La descripci\u00f3n de este proceso mejora la comprensi\u00f3n de la experiencia de convertirse en persona cuidadora familiar, tanto para el profesional de la salud, como para las personas cuidadoras familiares. \">The description of this process improves the understanding of the experience of becoming a family caregiver, both for the health professional and for family caregivers.<\/span><\/span><\/div>\n<div class=\"trans-verified-button-small\" dir=\"ltr\"><span id=\"result_box\" lang=\"en\" tabindex=\"-1\"><span title=\"La descripci\u00f3n de este proceso mejora la comprensi\u00f3n de la experiencia de convertirse en persona cuidadora familiar, tanto para el profesional de la salud, como para las personas cuidadoras familiares. \"><br \/>\n<\/span><span title=\"Adem\u00e1s, esta investigaci\u00f3n ha quedado reflejada en el siguiente articulo: Moral-Fern\u00e1ndez, L., Fr\u00edas-Osuna, A., Moreno-C\u00e1mara, S., Palomino-Moral, P.A.\">In addition, this research has been reflected in the following article: Moral-Fern\u00e1ndez, L., Fr\u00edas-Osuna, A., Moreno-C\u00e1mara, S., Palomino-Moral, P.A. <\/span><span title=\"y del-Pino-Casado, R. (2017).\">and del-Pino-Casado, R. (2017).<a href=\"https:\/\/www.ncbi.nlm.nih.gov\/pubmed\/28735721\" target=\"_blank\" rel=\"noopener\">The first moments in the caring: The process of becoming caregiver of a dependent elderly relative<\/a><\/span><span title=\"Primeros momentos del cuidado: El proceso de convertirse en cuidador de un familiar mayor dependiente [The first moments in the caring: The process of becoming caregiver of a dependent elderly relative].\">. <\/span><span title=\"Atenci\u00f3n Primaria.\">Atenci\u00f3n Primaria. DOI:10.1016\/j.aprim.2017.05.008.<\/span><\/span><\/div>\n<\/div>\n<\/div>\n<\/div>\n<\/div>\n<\/div>\n<\/div>\n<\/div>\n<\/div>\n<\/div>\n<\/div>\n<\/div>\n<\/div>\n<\/div>\n<\/div>\n<\/div>\n<\/div>\n<\/div>\n<\/div>\n<\/div>\n<\/div>\n<\/div>\n<\/form>\n<\/div>\n<\/div>\n<p><img fetchpriority=\"high\" decoding=\"async\" class=\"size-medium wp-image-2182 aligncenter\" src=\"https:\/\/cuidsalud.com\/wp-content\/uploads\/2017\/09\/Tesis-Lourdes-300x225.jpg\" alt=\"\" width=\"300\" height=\"225\" srcset=\"https:\/\/cuidsalud.com\/wp-content\/uploads\/2017\/09\/Tesis-Lourdes-300x225.jpg 300w, https:\/\/cuidsalud.com\/wp-content\/uploads\/2017\/09\/Tesis-Lourdes-768x576.jpg 768w, https:\/\/cuidsalud.com\/wp-content\/uploads\/2017\/09\/Tesis-Lourdes-1024x768.jpg 1024w, https:\/\/cuidsalud.com\/wp-content\/uploads\/2017\/09\/Tesis-Lourdes.jpg 1599w\" sizes=\"(max-width: 300px) 100vw, 300px\" \/><\/p>\n<p><span style=\"border-radius: 2px; text-indent: 20px; width: auto; padding: 0px 4px 0px 0px; text-align: center; font: bold 11px\/20px 'Helvetica Neue',Helvetica,sans-serif; color: #ffffff; background: #bd081c no-repeat scroll 3px 50% \/ 14px 14px; position: absolute; opacity: 1; z-index: 8675309; display: none; cursor: pointer; top: 524px; left: 302px;\">Guardar<\/span><\/p>\n<p><span style=\"border-radius: 2px; text-indent: 20px; width: auto; padding: 0px 4px 0px 0px; text-align: center; font: bold 11px\/20px 'Helvetica Neue',Helvetica,sans-serif; color: #ffffff; background: #bd081c no-repeat scroll 3px 50% \/ 14px 14px; position: absolute; opacity: 1; z-index: 8675309; display: none; cursor: pointer;\">Guardar<\/span><\/p>\n<p><span style=\"border-radius: 2px; text-indent: 20px; width: auto; padding: 0px 4px 0px 0px; text-align: center; font: bold 11px\/20px 'Helvetica Neue',Helvetica,sans-serif; color: #ffffff; background: #bd081c  no-repeat scroll 3px 50% \/ 14px 14px; position: absolute; opacity: 1; z-index: 8675309; display: none; cursor: pointer;\">Guardar<\/span><\/p>\n","protected":false},"excerpt":{"rendered":"<p>On September 12th, at the University of Ja\u00e9n took place the PhD viva titled &#8220;The first moments in the caring: The process of becoming caregiver of a dependent elderly relative&#8221; carried out by the PhD &#8230; <\/p>\n<p class=\"read-more-container\"><a title=\"Becoming a caregiver. A PhD thesis\" class=\"read-more button\" href=\"https:\/\/cuidsalud.com\/en\/becoming-caregiver\/#more-2184\" aria-label=\"Read more about Becoming a caregiver. A PhD thesis\">Leer m\u00e1s &raquo;<\/a><\/p>\n","protected":false},"author":3,"featured_media":2181,"comment_status":"open","ping_status":"closed","sticky":false,"template":"","format":"standard","meta":{"_acf_changed":false,"footnotes":""},"categories":[166,2],"tags":[164,167,191,199],"class_list":["post-2184","post","type-post","status-publish","format-standard","has-post-thumbnail","hentry","category-cuidadoras-familiares-en","category-news","tag-cuidadoras-familiares","tag-cuidadoras-familiares-en","tag-tesis-doctoral","tag-tesis-doctoral-en"],"acf":[],"_links":{"self":[{"href":"https:\/\/cuidsalud.com\/en\/wp-json\/wp\/v2\/posts\/2184","targetHints":{"allow":["GET"]}}],"collection":[{"href":"https:\/\/cuidsalud.com\/en\/wp-json\/wp\/v2\/posts"}],"about":[{"href":"https:\/\/cuidsalud.com\/en\/wp-json\/wp\/v2\/types\/post"}],"author":[{"embeddable":true,"href":"https:\/\/cuidsalud.com\/en\/wp-json\/wp\/v2\/users\/3"}],"replies":[{"embeddable":true,"href":"https:\/\/cuidsalud.com\/en\/wp-json\/wp\/v2\/comments?post=2184"}],"version-history":[{"count":0,"href":"https:\/\/cuidsalud.com\/en\/wp-json\/wp\/v2\/posts\/2184\/revisions"}],"wp:featuredmedia":[{"embeddable":true,"href":"https:\/\/cuidsalud.com\/en\/wp-json\/wp\/v2\/media\/2181"}],"wp:attachment":[{"href":"https:\/\/cuidsalud.com\/en\/wp-json\/wp\/v2\/media?parent=2184"}],"wp:term":[{"taxonomy":"category","embeddable":true,"href":"https:\/\/cuidsalud.com\/en\/wp-json\/wp\/v2\/categories?post=2184"},{"taxonomy":"post_tag","embeddable":true,"href":"https:\/\/cuidsalud.com\/en\/wp-json\/wp\/v2\/tags?post=2184"}],"curies":[{"name":"wp","href":"https:\/\/api.w.org\/{rel}","templated":true}]}}